{"id":10856,"date":"2022-01-12T15:09:13","date_gmt":"2022-01-12T14:09:13","guid":{"rendered":"https:\/\/www.thermalies.com\/paris\/?p=10856"},"modified":"2022-01-12T15:22:23","modified_gmt":"2022-01-12T14:22:23","slug":"portrait-exposant-2022-les-thermes-de-contrexeville","status":"publish","type":"post","link":"https:\/\/www.thermalies.com\/paris\/portrait-exposant-2022-les-thermes-de-contrexeville\/","title":{"rendered":"Portrait Exposant 2022 &#8211; Les Thermes de Contrex\u00e9ville"},"content":{"rendered":"<h2><span style=\"font-size: 18pt;\">Pr\u00e9sentez-vous en quelques mots (votre activit\u00e9, votre histoire, vous ).<\/span><\/h2>\n<p><img fetchpriority=\"high\" decoding=\"async\" class=\"size-medium wp-image-10858 alignleft\" src=\"https:\/\/www.thermalies.com\/paris\/wp-content\/uploads\/2022\/01\/Thermes_contrexville-300x200.png\" alt=\"\" width=\"300\" height=\"200\" srcset=\"https:\/\/www.thermalies.com\/paris\/wp-content\/uploads\/2022\/01\/Thermes_contrexville-300x200.png 300w, https:\/\/www.thermalies.com\/paris\/wp-content\/uploads\/2022\/01\/Thermes_contrexville-150x100.png 150w, https:\/\/www.thermalies.com\/paris\/wp-content\/uploads\/2022\/01\/Thermes_contrexville-500x333.png 500w, https:\/\/www.thermalies.com\/paris\/wp-content\/uploads\/2022\/01\/Thermes_contrexville.png 600w\" sizes=\"(max-width: 300px) 100vw, 300px\" \/>C&rsquo;est au coeur de la Lorraine, \u00e0 quelques kilom\u00e8tres de Nancy, que vous trouverez la station Thermale de Contrex\u00e9ville. Un lieu propice \u00e0 la d\u00e9tente, entre nature et architecture. Gr\u00e2ce \u00e0 la min\u00e9ralit\u00e9 exceptionnelle de l&rsquo;eau thermale de Contrex\u00e9ville, les Thermes sont sp\u00e9cialis\u00e9s dans le traitement en cure thermale des infections urinaires, digestives, des maladies m\u00e9taboliques et de la rhumatologie\u2026 Tout notre personnel sera \u00e0 votre \u00e9coute pour vous garantir une cure efficace et qui vous correspond.<\/p>\n<p>Les Thermes disposent du plus grand bassin thermoludique du sud Lorrain. Ce complexe de pr\u00e8s de 300m2 aux couleurs dor\u00e9es et bleut\u00e9es est compos\u00e9 de lits bouillonnants, buses hydromassantes, bains \u00e0 remous, cols-de-cygne, jets dorsaux et cervicaux, aquabike, trampoline et tapis de marche en acc\u00e8s libre, le tout dans une eau thermale aux propri\u00e9t\u00e9s reconnues, chauff\u00e9e \u00e0 32\u00b0.<\/p>\n<p>Pour en savoir plus : <a title=\"https:\/\/www.thermes-contrexeville.fr\/\" href=\"https:\/\/www.thermes-contrexeville.fr\/\" target=\"_blank\" rel=\"noopener\">https:\/\/www.thermes-contrexeville.fr\/<\/a><\/p>\n<h2><span style=\"font-size: 18pt;\">Que proposez-vous sur le salon ? Produits phares ? Des remises sur le stand ? Des nouveaut\u00e9s ? Ateliers ou conf\u00e9rences ?<\/span><\/h2>\n<p>Sur le salon nous proposons nos cures :<\/p>\n<ul>\n<li>Affections digestives et maladies m\u00e9taboliques<\/li>\n<li>Affections urinaires et maladies m\u00e9taboliques<\/li>\n<li>Rhumatologie (NOUVEAU) Double orientation<\/li>\n<\/ul>\n<p>Tous nos s\u00e9jours minceur sont remis\u00e9s \u00e0 -20% : Forfait ligne 5 jours, 7 jours, 10 jours, 14 jours<\/p>\n<p>Tous nos s\u00e9jours bien-\u00eatre sont remis\u00e9s \u00e0 -20% :<\/p>\n<ul>\n<li>Les s\u00e9jours 2 ou 3 jours (zen, d\u00e9tente et for\u00eat)<\/li>\n<li>Les s\u00e9jours bien-\u00eatre et anti-\u00e2ge 5 jours (zen, d\u00e9tente et bien-\u00eatre, for\u00eat, vitalit\u00e9 et anti-\u00e2ge)<\/li>\n<\/ul>\n<h2><span style=\"font-size: 18pt;\">Parlez-nous du salon Les Thermalies et de votre relation avec ce salon\u00a0<\/span><\/h2>\n<p>Les Thermalies est le rendez-vous pour d\u00e9couvrir les vertus de l&rsquo;eau, les plus belles destinations en France et \u00e0 l&rsquo;\u00e9tranger et les derni\u00e8res tendances en mati\u00e8re de bien-\u00eatre.<br \/>\nC&rsquo;est pourquoi nous sommes fiers de participer \u00e0 ce salon depuis plusieurs ann\u00e9es. Les Thermalies c&rsquo;est l&rsquo;\u00e9v\u00e9nement \u00e0 ne pas manquer !<\/p>\n<h2>Un conseil ou une astuce pour aider \u00e0 se sentir bien au quotidien ?<\/h2>\n<p>Pour se sentir bien au quotidien, il est primordial de s&rsquo;\u00e9couter chaque jour et de prendre le temps pour soi !<\/p>\n<p>&nbsp;<\/p>\n<hr \/>\n<p><a href=\"https:\/\/www.thermalies.com\/paris\/visiter\/liste-des-exposants\/\">D\u00e9couvrez la liste des exposants du salon Thermalies Paris<\/a><\/p>\n","protected":false},"excerpt":{"rendered":"<p>Pr\u00e9sentez-vous en quelques mots (votre activit\u00e9, votre histoire, vous ). C&rsquo;est au coeur de la Lorraine, \u00e0 quelques kilom\u00e8tres de Nancy, que vous trouverez la station Thermale de Contrex\u00e9ville. Un lieu propice \u00e0 la d\u00e9tente, entre nature et architecture. Gr\u00e2ce \u00e0 la min\u00e9ralit\u00e9 exceptionnelle de l&rsquo;eau thermale de Contrex\u00e9ville, les Thermes sont sp\u00e9cialis\u00e9s dans le&hellip; <\/p>\n","protected":false},"author":7,"featured_media":10857,"comment_status":"closed","ping_status":"open","sticky":false,"template":"","format":"standard","meta":{"footnotes":""},"categories":[1],"tags":[],"class_list":["post-10856","post","type-post","status-publish","format-standard","has-post-thumbnail","hentry","category-actualites"],"aioseo_notices":[],"_links":{"self":[{"href":"https:\/\/www.thermalies.com\/paris\/wp-json\/wp\/v2\/posts\/10856","targetHints":{"allow":["GET"]}}],"collection":[{"href":"https:\/\/www.thermalies.com\/paris\/wp-json\/wp\/v2\/posts"}],"about":[{"href":"https:\/\/www.thermalies.com\/paris\/wp-json\/wp\/v2\/types\/post"}],"author":[{"embeddable":true,"href":"https:\/\/www.thermalies.com\/paris\/wp-json\/wp\/v2\/users\/7"}],"replies":[{"embeddable":true,"href":"https:\/\/www.thermalies.com\/paris\/wp-json\/wp\/v2\/comments?post=10856"}],"version-history":[{"count":0,"href":"https:\/\/www.thermalies.com\/paris\/wp-json\/wp\/v2\/posts\/10856\/revisions"}],"wp:featuredmedia":[{"embeddable":true,"href":"https:\/\/www.thermalies.com\/paris\/wp-json\/wp\/v2\/media\/10857"}],"wp:attachment":[{"href":"https:\/\/www.thermalies.com\/paris\/wp-json\/wp\/v2\/media?parent=10856"}],"wp:term":[{"taxonomy":"category","embeddable":true,"href":"https:\/\/www.thermalies.com\/paris\/wp-json\/wp\/v2\/categories?post=10856"},{"taxonomy":"post_tag","embeddable":true,"href":"https:\/\/www.thermalies.com\/paris\/wp-json\/wp\/v2\/tags?post=10856"}],"curies":[{"name":"wp","href":"https:\/\/api.w.org\/{rel}","templated":true}]}}