{"id":10863,"date":"2022-01-12T16:49:04","date_gmt":"2022-01-12T15:49:04","guid":{"rendered":"https:\/\/www.thermalies.com\/paris\/?p=10863"},"modified":"2022-01-12T16:49:04","modified_gmt":"2022-01-12T15:49:04","slug":"portrait-exposant-2022-la-chaine-thermale-du-soleil","status":"publish","type":"post","link":"https:\/\/www.thermalies.com\/paris\/portrait-exposant-2022-la-chaine-thermale-du-soleil\/","title":{"rendered":"Portrait Exposant 2022 &#8211; La Cha\u00eene Thermale du Soleil"},"content":{"rendered":"<h2><span style=\"font-size: 18pt;\">Pr\u00e9sentez-vous en quelques mots (votre activit\u00e9, votre histoire, vous ).<\/span><\/h2>\n<p>La Cha\u00eene Thermale du Soleil est le premier acteur de la m\u00e9decine thermale en France depuis plus de 70 ans.<\/p>\n<p>Fond\u00e9e par Adrien Barth\u00e9l\u00e9my, \u00e0 qui l\u2019on doit la red\u00e9couverte du thermalisme en France, apr\u00e8s la Seconde Guerre mondiale, La Cha\u00eene Thermale du Soleil compte aujourd&rsquo;hui 20 \u00e9tablissements thermaux. Chacun des sites a fait l\u2019objet d\u2019un red\u00e9ploiement et d\u2019une r\u00e9habilitation, respectueuse de son histoire et de son environnement.<\/p>\n<p>Actuellement dirig\u00e9 par Adeline et El\u00e9onore GU\u00c9RARD, petites-filles d\u2019Adrien Barth\u00e9l\u00e9my et filles de Michel Gu\u00e9rard, le groupe emploie aujourd&rsquo;hui plus de 2 500 personnes, en pleine saison.<\/p>\n<p><span style=\"font-size: 18pt; font-weight: bold;\">Que proposez-vous sur le salon ? Produits phares ? Des remises sur le stand ? Des nouveaut\u00e9s ? Ateliers ou conf\u00e9rences ?<\/span><\/p>\n<p>Le dossier de presse 2022 de la Chaine Thermale du Soleil, 1er acteur du Thermalisme en France avec 20 thermes qui accueillent de nombreux curistes au c\u0153ur de diff\u00e9rentes r\u00e9gions de France.<\/p>\n<p>Cette ann\u00e9e <strong>LA CHAINE THERMALE DU SOLEIL<\/strong> d\u00e9voile ses grandes nouveaut\u00e9s 2022 :<\/p>\n<ul>\n<li>La CURE R\u00c9HABILITATION POST COVID dans ses thermes de Molitg-les-Bains (cure 18 jours et mini-cure)<\/li>\n<li>Le programme compl\u00e9mentaire SOUFFLE &amp; ENDURANCE aux thermes de Jonzac<\/li>\n<li>La CURE SANT\u00c9 MENTALE aux Thermes de Cambo-les-Bains (cure 18 jours et mini-cure)<\/li>\n<li>Le programme compl\u00e9mentaire SOMMEIL AU NATUREL aux Thermes de Barbotan<\/li>\n<li>La mini-cure NATURE ACTIVE aux thermes de Bains-les-Bains<\/li>\n<\/ul>\n<p>Et une prise en charge sp\u00e9cifique de la SANT\u00c9 DES FEMMES par la m\u00e9decine thermale comme :<\/p>\n<p>=&gt; La pr\u00e9vention des Maladies Cardio-Vasculaires aux Thermes de Bains-les-Bains<br \/>\n=&gt; Le programme compl\u00e9mentaire Fibromyalgie aux Thermes de Saint Amand-les Eaux<br \/>\n=&gt; La cure sp\u00e9cifique Endom\u00e9triose et la Cure Post-Natale aux Thermes de Challes-les-Eaux<br \/>\n=&gt; La Cure r\u00e9habilitation Post Cancer du Sein dans 7 Thermes de la CHAINE THERMALE DU SOLEIL.<\/p>\n<p>Il y aura des offres promo qui seront consultables dans la partie \u00ab offres promos \u00bb et sur notre site internet.<br \/>\nNous ne participerons \u00e0 aucun atelier.<\/p>\n<p><span style=\"font-size: 18pt; font-weight: bold;\">Parlez-nous du salon Les Thermalies et de votre relation avec ce salon<\/span><\/p>\n<p>Nous sommes pr\u00e9sents au salon des Thermalies depuis le d\u00e9but, cela fait de nombreuses ann\u00e9es que nous sommes partenaires de ce salon incontournable pour notre m\u00e9tier. Nous ne manquons jamais ce rendez-vous !<\/p>\n<h2><span style=\"font-size: 18pt;\">Un conseil ou une astuce pour aider \u00e0 se sentir bien au quotidien ?<\/span><\/h2>\n<p>Prendre du temps pour soi et apprendre \u00e0 \u00e9couter son corps !<\/p>\n<hr \/>\n<p><a href=\"https:\/\/www.thermalies.com\/paris\/visiter\/liste-des-exposants\/\">D\u00e9couvrez la liste des exposants du salon Thermalies Paris<\/a><\/p>\n","protected":false},"excerpt":{"rendered":"<p>Pr\u00e9sentez-vous en quelques mots (votre activit\u00e9, votre histoire, vous ). La Cha\u00eene Thermale du Soleil est le premier acteur de la m\u00e9decine thermale en France depuis plus de 70 ans. Fond\u00e9e par Adrien Barth\u00e9l\u00e9my, \u00e0 qui l\u2019on doit la red\u00e9couverte du thermalisme en France, apr\u00e8s la Seconde Guerre mondiale, La Cha\u00eene Thermale du Soleil compte&hellip; <\/p>\n","protected":false},"author":7,"featured_media":10919,"comment_status":"closed","ping_status":"open","sticky":false,"template":"","format":"standard","meta":{"footnotes":""},"categories":[1],"tags":[],"class_list":["post-10863","post","type-post","status-publish","format-standard","has-post-thumbnail","hentry","category-actualites"],"aioseo_notices":[],"_links":{"self":[{"href":"https:\/\/www.thermalies.com\/paris\/wp-json\/wp\/v2\/posts\/10863","targetHints":{"allow":["GET"]}}],"collection":[{"href":"https:\/\/www.thermalies.com\/paris\/wp-json\/wp\/v2\/posts"}],"about":[{"href":"https:\/\/www.thermalies.com\/paris\/wp-json\/wp\/v2\/types\/post"}],"author":[{"embeddable":true,"href":"https:\/\/www.thermalies.com\/paris\/wp-json\/wp\/v2\/users\/7"}],"replies":[{"embeddable":true,"href":"https:\/\/www.thermalies.com\/paris\/wp-json\/wp\/v2\/comments?post=10863"}],"version-history":[{"count":0,"href":"https:\/\/www.thermalies.com\/paris\/wp-json\/wp\/v2\/posts\/10863\/revisions"}],"wp:featuredmedia":[{"embeddable":true,"href":"https:\/\/www.thermalies.com\/paris\/wp-json\/wp\/v2\/media\/10919"}],"wp:attachment":[{"href":"https:\/\/www.thermalies.com\/paris\/wp-json\/wp\/v2\/media?parent=10863"}],"wp:term":[{"taxonomy":"category","embeddable":true,"href":"https:\/\/www.thermalies.com\/paris\/wp-json\/wp\/v2\/categories?post=10863"},{"taxonomy":"post_tag","embeddable":true,"href":"https:\/\/www.thermalies.com\/paris\/wp-json\/wp\/v2\/tags?post=10863"}],"curies":[{"name":"wp","href":"https:\/\/api.w.org\/{rel}","templated":true}]}}