{"id":11152,"date":"2022-01-14T14:40:46","date_gmt":"2022-01-14T13:40:46","guid":{"rendered":"https:\/\/www.thermalies.com\/paris\/?p=11152"},"modified":"2022-01-14T14:40:46","modified_gmt":"2022-01-14T13:40:46","slug":"portrait-exposant-2022-les-thermes-de-balaruc-les-bains","status":"publish","type":"post","link":"https:\/\/www.thermalies.com\/paris\/portrait-exposant-2022-les-thermes-de-balaruc-les-bains\/","title":{"rendered":"Portrait Exposant 2022 &#8211; Les Thermes de Balaruc-les-Bains"},"content":{"rendered":"<h2><span style=\"font-size: 18pt;\">Pr\u00e9sentez-vous en quelques mots (votre activit\u00e9, votre histoire, vous).<\/span><\/h2>\n<p><img fetchpriority=\"high\" decoding=\"async\" class=\"size-medium wp-image-11153 alignleft\" src=\"https:\/\/www.thermalies.com\/paris\/wp-content\/uploads\/2022\/01\/1642008276-file2-thermalies_2_2018-300x169.jpg\" alt=\"\" width=\"300\" height=\"169\" srcset=\"https:\/\/www.thermalies.com\/paris\/wp-content\/uploads\/2022\/01\/1642008276-file2-thermalies_2_2018-300x169.jpg 300w, https:\/\/www.thermalies.com\/paris\/wp-content\/uploads\/2022\/01\/1642008276-file2-thermalies_2_2018-600x338.jpg 600w, https:\/\/www.thermalies.com\/paris\/wp-content\/uploads\/2022\/01\/1642008276-file2-thermalies_2_2018-768x432.jpg 768w, https:\/\/www.thermalies.com\/paris\/wp-content\/uploads\/2022\/01\/1642008276-file2-thermalies_2_2018-150x84.jpg 150w, https:\/\/www.thermalies.com\/paris\/wp-content\/uploads\/2022\/01\/1642008276-file2-thermalies_2_2018-500x281.jpg 500w, https:\/\/www.thermalies.com\/paris\/wp-content\/uploads\/2022\/01\/1642008276-file2-thermalies_2_2018.jpg 960w\" sizes=\"(max-width: 300px) 100vw, 300px\" \/><\/p>\n<p>Les Thermes de Balaruc-les-Bains, \u00e0 l\u2019architecture unique tel un paquebot amarr\u00e9 avec vue sur l\u2019\u00e9tang de Thau, sont spacieux et baign\u00e9s de la lumi\u00e8re de la M\u00e9diterran\u00e9e.<\/p>\n<p>Au c\u0153ur de l\u2019Archipel de Thau, destination climatique de choix, Balaruc-les-Bains vous accueille pour une cure thermale en rhumatologie et phl\u00e9bologie.<br \/>\nL\u2019eau sant\u00e9 de Balaruc-les-Bains est une eau de source thermale tr\u00e8s riche en oligo-\u00e9l\u00e9ments et sels min\u00e9raux, capt\u00e9e dans des sources naturelles profondes (2000m). Elle fait partie des plus min\u00e9rvous palis\u00e9es et chaudes d\u2019Occitanie et est r\u00e9put\u00e9e depuis l\u2019Antiquit\u00e9 pour ses vertus antalgiques, anti inflammatoire.<\/p>\n<p>Balaruc-les-Bains dispose d\u2019un savoir-faire thermal reconnu, anim\u00e9 par une \u00e9quipe passionn\u00e9e, d\u00e9di\u00e9e \u00e0 prodiguer une grande qualit\u00e9 de soins dans des conditions de cure confortable et en toute s\u00e9curit\u00e9. Un des soins pl\u00e9biscit\u00e9 de la cure est son lit d\u2019application de boue thermale onctueuse, localis\u00e9e, proc\u00e9d\u00e9 unique en France.<br \/>\nEn 2021, pr\u00e8s de 30000 curistes ont effectu\u00e9 leur cure \u00e0 Balaruc-les-Bains, la meilleure reconnaissance du premier \u00e9tablissement thermal de France.<\/p>\n<h2><span style=\"font-size: 18pt;\">Que proposez-vous sur le salon ? Produits phares ? Des remises sur le stand ? Des nouveaut\u00e9s ? Ateliers ou conf\u00e9rences ?<\/span><\/h2>\n<p>Le salon des Thermalies est un moment d&rsquo;\u00e9change privil\u00e9gi\u00e9 avec notre patient\u00e8le \u00e0 la recherche d&rsquo;une cure thermale en rhumatologie ou phl\u00e9bologie. Nous proposons donc des s\u00e9jours conventionn\u00e9es de 18 jours.<\/p>\n<p>Les \u00e9quipes des thermes offrent les meilleures conditions de r\u00e9servation (ensemble des dates disponibles et cr\u00e9neaux horaires de cure favoris\u00e9s). En compl\u00e9ment les conseillers de l&rsquo;office du tourisme sont pr\u00e9sents pour accompagner les recherches d&rsquo;h\u00e9bergement (r\u00e9sidences, h\u00f4tels, appartements etc.) selon les attentes des curistes.<br \/>\nSur le stand des h\u00e9bergeurs proposent des remises exceptionnelles sur le s\u00e9jour.<br \/>\nPour toute r\u00e9servation de cure, l&rsquo;\u00e9tablissement propose \u00e9galement de d\u00e9couvrir une activit\u00e9 collective sant\u00e9, une remise au spa thermal O&rsquo;balia pour un massage de 50 minutes et une remise sur les mini cures escales thermales (pour les accompagnants).<\/p>\n<p>L&rsquo;\u00e9quipe pr\u00e9sente \u00e9galement la marque Balaruc-les-Bains \u00e0 d\u00e9couvrir sur le stand.<br \/>\nChaque jour une tombola est organis\u00e9e et les gagnants sont tir\u00e9s au sort \u00e0 17h lors du moment de convivialit\u00e9 quotidien permettant de d\u00e9couvrir la cure, mais aussi des petites sp\u00e9cialit\u00e9s locales telles que les biscuits de la Cure Gourmande, marque cr\u00e9es \u00e0 Balaruc-les-Bains.<\/p>\n<h2><span style=\"font-size: 18pt;\">Parlez-nous du salon Les Thermalies et de votre relation avec ce salon\u00a0<\/span><\/h2>\n<p>Les Thermes de Balaruc-les-Bains participent chaque ann\u00e9e \u00e0 ce moment privil\u00e9gier et d\u00e9di\u00e9 au thermalisme fran\u00e7ais.<br \/>\nL&rsquo;objectif est de rencontrer notre patient\u00e8le d&rsquo;Ile de France que nous avons plaisir \u00e0 retrouver chaque ann\u00e9e.<br \/>\nC&rsquo;est aussi l&rsquo;occasion de partager avec les stations pr\u00e9sentes, de d\u00e9couvrir les nouveaut\u00e9s, les sp\u00e9cificit\u00e9s de chacun, d&rsquo;assurer la promotion du thermalisme en Occitanie.<br \/>\nNous sommes \u00e9galement ravis de retrouver les personnalit\u00e9s qui portent les valeurs du thermalisme au plus au niveau tels que le CNETH ou les repr\u00e9sentants des m\u00e9decins.<br \/>\nEnfin nous avons le plaisir de rencontrer les m\u00e9dias et journalistes sant\u00e9 et bien-\u00eatre qui communiquent aupr\u00e8s de leur lecteurs toutes les nouveaut\u00e9s et pr\u00e9sentent les bienfaits de la cure thermale.<\/p>\n<h2><span style=\"font-size: 18pt;\">Un conseil ou une astuce pour aider \u00e0 se sentir bien au quotidien ?<\/span><\/h2>\n<p>Continuer \u00e0 d\u00e9velopper l&rsquo;aspect ludique du salon, la convivialit\u00e9 et les sp\u00e9cificit\u00e9s r\u00e9gionales qui contribuent \u00e0 la diversit\u00e9 des s\u00e9jours en compl\u00e9ment du bienfait des eaux et des soins.<\/p>\n<hr \/>\n<p><a href=\"https:\/\/www.thermalies.com\/paris\/visiter\/liste-des-exposants\/\">D\u00e9couvrez la liste des exposants du salon Thermalies Paris<\/a><\/p>\n","protected":false},"excerpt":{"rendered":"<p>Pr\u00e9sentez-vous en quelques mots (votre activit\u00e9, votre histoire, vous). Les Thermes de Balaruc-les-Bains, \u00e0 l\u2019architecture unique tel un paquebot amarr\u00e9 avec vue sur l\u2019\u00e9tang de Thau, sont spacieux et baign\u00e9s de la lumi\u00e8re de la M\u00e9diterran\u00e9e. Au c\u0153ur de l\u2019Archipel de Thau, destination climatique de choix, Balaruc-les-Bains vous accueille pour une cure thermale en rhumatologie&hellip; <\/p>\n","protected":false},"author":7,"featured_media":11181,"comment_status":"closed","ping_status":"open","sticky":false,"template":"","format":"standard","meta":{"footnotes":""},"categories":[1],"tags":[],"class_list":["post-11152","post","type-post","status-publish","format-standard","has-post-thumbnail","hentry","category-actualites"],"aioseo_notices":[],"_links":{"self":[{"href":"https:\/\/www.thermalies.com\/paris\/wp-json\/wp\/v2\/posts\/11152","targetHints":{"allow":["GET"]}}],"collection":[{"href":"https:\/\/www.thermalies.com\/paris\/wp-json\/wp\/v2\/posts"}],"about":[{"href":"https:\/\/www.thermalies.com\/paris\/wp-json\/wp\/v2\/types\/post"}],"author":[{"embeddable":true,"href":"https:\/\/www.thermalies.com\/paris\/wp-json\/wp\/v2\/users\/7"}],"replies":[{"embeddable":true,"href":"https:\/\/www.thermalies.com\/paris\/wp-json\/wp\/v2\/comments?post=11152"}],"version-history":[{"count":0,"href":"https:\/\/www.thermalies.com\/paris\/wp-json\/wp\/v2\/posts\/11152\/revisions"}],"wp:featuredmedia":[{"embeddable":true,"href":"https:\/\/www.thermalies.com\/paris\/wp-json\/wp\/v2\/media\/11181"}],"wp:attachment":[{"href":"https:\/\/www.thermalies.com\/paris\/wp-json\/wp\/v2\/media?parent=11152"}],"wp:term":[{"taxonomy":"category","embeddable":true,"href":"https:\/\/www.thermalies.com\/paris\/wp-json\/wp\/v2\/categories?post=11152"},{"taxonomy":"post_tag","embeddable":true,"href":"https:\/\/www.thermalies.com\/paris\/wp-json\/wp\/v2\/tags?post=11152"}],"curies":[{"name":"wp","href":"https:\/\/api.w.org\/{rel}","templated":true}]}}