{"id":13561,"date":"2023-12-21T09:39:49","date_gmt":"2023-12-21T08:39:49","guid":{"rendered":"https:\/\/www.thermalies.com\/paris\/?p=13561"},"modified":"2023-12-21T09:39:49","modified_gmt":"2023-12-21T08:39:49","slug":"portrait-exposant-2024-les-grands-thermes-de-bagneres-de-bigorre","status":"publish","type":"post","link":"https:\/\/www.thermalies.com\/paris\/portrait-exposant-2024-les-grands-thermes-de-bagneres-de-bigorre\/","title":{"rendered":"Portrait Exposant 2024 &#8211; Les Grands Thermes de Bagn\u00e8res de Bigorre"},"content":{"rendered":"<h2><span style=\"font-size: 18pt;\">Pr\u00e9sentez-vous en quelques mots (votre activit\u00e9, votre histoire, vous)<\/span><\/h2>\n<p>Les Grands Thermes de Bagn\u00e8res de Bigorre c\u00e9l\u00e8brent 200 ans de savoir-faire thermal.<br \/>\n1er \u00e9tablissement des Hautes Pyr\u00e9n\u00e9es,<br \/>\nCertifi\u00e9 Aquacert HACCP THERMALISME,<br \/>\nAyant re\u00e7u le prix de l&rsquo;innovation thermale en novembre 2022 qui r\u00e9compense notre engagement et les mesures prises en faveur d&rsquo;une gestion \u00e9co-responsable de la cure thermale.<\/p>\n<p><img fetchpriority=\"high\" decoding=\"async\" class=\"wp-image-12569 aligncenter\" src=\"https:\/\/www.thermalies.com\/paris\/wp-content\/uploads\/2023\/01\/1673367656-file1-Photo-Thiry-Equipe-Thermes-redim.jpeg\" alt=\"Les Grands Thermes de Bagn\u00e8res de Bigorre \u00c9quipe\" width=\"436\" height=\"327\" srcset=\"https:\/\/www.thermalies.com\/paris\/wp-content\/uploads\/2023\/01\/1673367656-file1-Photo-Thiry-Equipe-Thermes-redim.jpeg 1000w, https:\/\/www.thermalies.com\/paris\/wp-content\/uploads\/2023\/01\/1673367656-file1-Photo-Thiry-Equipe-Thermes-redim-600x450.jpeg 600w, https:\/\/www.thermalies.com\/paris\/wp-content\/uploads\/2023\/01\/1673367656-file1-Photo-Thiry-Equipe-Thermes-redim-300x225.jpeg 300w, https:\/\/www.thermalies.com\/paris\/wp-content\/uploads\/2023\/01\/1673367656-file1-Photo-Thiry-Equipe-Thermes-redim-768x576.jpeg 768w, https:\/\/www.thermalies.com\/paris\/wp-content\/uploads\/2023\/01\/1673367656-file1-Photo-Thiry-Equipe-Thermes-redim-150x113.jpeg 150w, https:\/\/www.thermalies.com\/paris\/wp-content\/uploads\/2023\/01\/1673367656-file1-Photo-Thiry-Equipe-Thermes-redim-500x375.jpeg 500w\" sizes=\"(max-width: 436px) 100vw, 436px\" \/><\/p>\n<h2><span style=\"font-size: 18pt;\">Que proposez-vous sur le salon ? Produits phares ? Des remises sur le stand ? Des nouveaut\u00e9s ? Ateliers ou conf\u00e9rences ?<\/span><\/h2>\n<p>Des cures thermales conventionn\u00e9es en<br \/>\n&#8211; Rhumatologie<br \/>\n&#8211; Affections Psychosomatiques (stress, troubles du sommeil, burn out)<br \/>\n&#8211; Voies Respiratoires<\/p>\n<p>Un module d&rsquo;accompagnement Psy est offert aux curistes en Affections psychosomatiques 1ere orientation<\/p>\n<p>Des programmes compl\u00e9mentaires cibl\u00e9es sont propos\u00e9s:<br \/>\nFIBRO&rsquo;ALGIE destin\u00e9 aux curistes souffrant d&rsquo;arthrose, de syndromes algiques et de fibromyalgie,<br \/>\nSERENITHERM orient\u00e9 sur les troubles anxieux, troubles du sommeil ou stress<br \/>\nQUIETUDE, programme cibl\u00e9 sur l&rsquo;\u00e9puisement professionnel et le surmenage des aidants<br \/>\nPROTECT&rsquo;DOS, programme sp\u00e9cifique sur le mal de dos<br \/>\nINSPYR, bas\u00e9 sur le confort et la r\u00e9\u00e9ducation respiratoire<br \/>\nForfait REBOOST, pour retrouver votre \u00e9nergie et votre moral en p\u00e9riode de COVID<\/p>\n<p>Des Semaines sant\u00e9 sur 5 jours : <a href=\"https:\/\/www.thermes-bagneres.fr\/semaines-sante\" target=\"_blank\" rel=\"noopener\">https:\/\/www.thermes-bagneres.fr\/semaines-sante<\/a><\/p>\n<h2><span style=\"font-size: 18pt;\">Parlez-nous du salon Les Thermalies et de votre relation avec ce salon\u00a0<\/span><\/h2>\n<p>Une vingtaine de Thermalies pour ma part et toujours autant de plaisir \u00e0 me rendre sur ce salon incontournable pour rencontrer les patients et les professionnels du secteur.<br \/>\nEchanger, informer, pr\u00e9senter nos nouveaut\u00e9s et d\u00e9couvrir celles des confr\u00e8res.<br \/>\nC&rsquo;est l&rsquo;\u00e9v\u00e8nement \u00e0 ne pas manquer chaque ann\u00e9e lorsque l&rsquo;on travaille dans le thermalisme !<\/p>\n<p><img decoding=\"async\" class=\"wp-image-12570 aligncenter\" src=\"https:\/\/www.thermalies.com\/paris\/wp-content\/uploads\/2023\/01\/1673367656-file2-vue-pic.jpeg\" alt=\"Les Grands Thermes de Bagn\u00e8res de Bigorre Foret\" width=\"574\" height=\"174\" srcset=\"https:\/\/www.thermalies.com\/paris\/wp-content\/uploads\/2023\/01\/1673367656-file2-vue-pic.jpeg 794w, https:\/\/www.thermalies.com\/paris\/wp-content\/uploads\/2023\/01\/1673367656-file2-vue-pic-600x182.jpeg 600w, https:\/\/www.thermalies.com\/paris\/wp-content\/uploads\/2023\/01\/1673367656-file2-vue-pic-300x91.jpeg 300w, https:\/\/www.thermalies.com\/paris\/wp-content\/uploads\/2023\/01\/1673367656-file2-vue-pic-768x233.jpeg 768w, https:\/\/www.thermalies.com\/paris\/wp-content\/uploads\/2023\/01\/1673367656-file2-vue-pic-150x46.jpeg 150w, https:\/\/www.thermalies.com\/paris\/wp-content\/uploads\/2023\/01\/1673367656-file2-vue-pic-500x152.jpeg 500w\" sizes=\"(max-width: 574px) 100vw, 574px\" \/><\/p>\n<h2><span style=\"font-size: 18pt;\">Un conseil ou une astuce pour aider \u00e0 se sentir bien au quotidien ?<\/span><\/h2>\n<p>Chaque jour, s&rsquo;accorder une petite pause dans un endroit propice au calme et \u00e0 l&rsquo;\u00e9coute de soi. \u00ab\u00a0D\u00e9crocher\u00a0\u00bb quelques instants. Quelques minutes suffisent et Bagn\u00e8res de Bigorre regorge de petits coins de verdure apaisants qui permettent de se ressourcer.<\/p>\n<p><a href=\"https:\/\/www.thermalies.com\/paris\/visiter\/liste-des-exposants\/\" target=\"_blank\" rel=\"noopener\">D\u00e9couvrez la liste des exposants du salon Thermalies Paris<\/a><\/p>\n","protected":false},"excerpt":{"rendered":"<p>Pr\u00e9sentez-vous en quelques mots (votre activit\u00e9, votre histoire, vous) Les Grands Thermes de Bagn\u00e8res de Bigorre c\u00e9l\u00e8brent 200 ans de savoir-faire thermal. 1er \u00e9tablissement des Hautes Pyr\u00e9n\u00e9es, Certifi\u00e9 Aquacert HACCP THERMALISME, Ayant re\u00e7u le prix de l&rsquo;innovation thermale en novembre 2022 qui r\u00e9compense notre engagement et les mesures prises en faveur d&rsquo;une gestion \u00e9co-responsable de&hellip; <\/p>\n","protected":false},"author":10,"featured_media":12567,"comment_status":"closed","ping_status":"open","sticky":false,"template":"","format":"standard","meta":{"footnotes":""},"categories":[1],"tags":[],"class_list":["post-13561","post","type-post","status-publish","format-standard","has-post-thumbnail","hentry","category-actualites"],"aioseo_notices":[],"_links":{"self":[{"href":"https:\/\/www.thermalies.com\/paris\/wp-json\/wp\/v2\/posts\/13561","targetHints":{"allow":["GET"]}}],"collection":[{"href":"https:\/\/www.thermalies.com\/paris\/wp-json\/wp\/v2\/posts"}],"about":[{"href":"https:\/\/www.thermalies.com\/paris\/wp-json\/wp\/v2\/types\/post"}],"author":[{"embeddable":true,"href":"https:\/\/www.thermalies.com\/paris\/wp-json\/wp\/v2\/users\/10"}],"replies":[{"embeddable":true,"href":"https:\/\/www.thermalies.com\/paris\/wp-json\/wp\/v2\/comments?post=13561"}],"version-history":[{"count":1,"href":"https:\/\/www.thermalies.com\/paris\/wp-json\/wp\/v2\/posts\/13561\/revisions"}],"predecessor-version":[{"id":13562,"href":"https:\/\/www.thermalies.com\/paris\/wp-json\/wp\/v2\/posts\/13561\/revisions\/13562"}],"wp:featuredmedia":[{"embeddable":true,"href":"https:\/\/www.thermalies.com\/paris\/wp-json\/wp\/v2\/media\/12567"}],"wp:attachment":[{"href":"https:\/\/www.thermalies.com\/paris\/wp-json\/wp\/v2\/media?parent=13561"}],"wp:term":[{"taxonomy":"category","embeddable":true,"href":"https:\/\/www.thermalies.com\/paris\/wp-json\/wp\/v2\/categories?post=13561"},{"taxonomy":"post_tag","embeddable":true,"href":"https:\/\/www.thermalies.com\/paris\/wp-json\/wp\/v2\/tags?post=13561"}],"curies":[{"name":"wp","href":"https:\/\/api.w.org\/{rel}","templated":true}]}}