{"id":13565,"date":"2023-12-21T09:41:47","date_gmt":"2023-12-21T08:41:47","guid":{"rendered":"https:\/\/www.thermalies.com\/paris\/?p=13565"},"modified":"2023-12-21T09:41:47","modified_gmt":"2023-12-21T08:41:47","slug":"portrait-exposant-2024-koncepto","status":"publish","type":"post","link":"https:\/\/www.thermalies.com\/paris\/portrait-exposant-2024-koncepto\/","title":{"rendered":"Portrait Exposant 2024 &#8211; Koncept\u2019O"},"content":{"rendered":"<h2><span style=\"font-size: 18pt;\">Pr\u00e9sentez-vous en quelques mots (votre activit\u00e9, votre histoire, vous)<\/span><\/h2>\n<p>Koncept\u2019O est <a href=\"https:\/\/koncepto.fr\/\" target=\"_blank\" rel=\"noopener\">une soci\u00e9t\u00e9<\/a> \u00e0 taille humaine, sp\u00e9cialis\u00e9e dans la vente d\u2019\u00e9quipements, la conception et l\u2019installation d\u2019espaces bien-\u00eatre haut de gamme.<br \/>\nSes experts, Didier Delmas et Olivier Binet, \u00e9laborent des projets sur mesure de A \u00e0 Z, adapt\u00e9s aux envies et au budget de chacun sur toute la France (complexes h\u00f4teliers, thermes, centres de thalasso, instituts de beaut\u00e9, centres sportifs, particuliers).<br \/>\nSa volont\u00e9 est de privil\u00e9gier la proximit\u00e9 avec les clients par l\u2019\u00e9coute, la disponibilit\u00e9 et l\u2019offre de conseils bas\u00e9e sur une expertise de plus de 20 ans.<\/p>\n<p><img fetchpriority=\"high\" decoding=\"async\" class=\"wp-image-12510 aligncenter\" src=\"https:\/\/www.thermalies.com\/paris\/wp-content\/uploads\/2023\/01\/1673001315-file2-IMG_71231002.jpeg\" alt=\"Koncept\u2019O Stand\" width=\"341\" height=\"256\" srcset=\"https:\/\/www.thermalies.com\/paris\/wp-content\/uploads\/2023\/01\/1673001315-file2-IMG_71231002.jpeg 480w, https:\/\/www.thermalies.com\/paris\/wp-content\/uploads\/2023\/01\/1673001315-file2-IMG_71231002-300x225.jpeg 300w, https:\/\/www.thermalies.com\/paris\/wp-content\/uploads\/2023\/01\/1673001315-file2-IMG_71231002-150x113.jpeg 150w\" sizes=\"(max-width: 341px) 100vw, 341px\" \/><\/p>\n<h2><span style=\"font-size: 18pt;\">Que proposez-vous sur le salon ? Produits phares ? Des remises sur le stand ? Des nouveaut\u00e9s ? Ateliers ou conf\u00e9rences ?<\/span><\/h2>\n<p>Koncept&rsquo;O pr\u00e9sentera son produit phare, le lit hydromassant Aquatizer.<br \/>\nPour apporter un souffle de nouveaut\u00e9 \u00e0 votre offre de soins, le lit propose des programmes de massage dont<br \/>\ncertains pr\u00e9d\u00e9finis et d\u2019autres personnalisables \u00e0 la carte.<br \/>\nLe lit hydromassassant est un \u00e9quipement tout \u00e0 fait compl\u00e9mentaire aux offres de soins habituels, tr\u00e8s appr\u00e9ci\u00e9 dans le cadre de soins relaxants, drainants ou de traitements de pathologies telles que lombalgie, cervicalgie&#8230;<br \/>\nSpa, institut ou h\u00f4tel, le lit Aquatizer est \u00e0 la fois simple d\u2019utilisation et ne rajoute aucune contrainte de temps et de pr\u00e9sence, gr\u00e2ce \u00e0 sa t\u00e9l\u00e9commande. Les s\u00e9ances se font en autonomie et ne n\u00e9cessitent pas de surveillance, lib\u00e9rant vos \u00e9quipes pour d\u2019autres activit\u00e9s.<\/p>\n<p><img decoding=\"async\" class=\"wp-image-12509 aligncenter\" src=\"https:\/\/www.thermalies.com\/paris\/wp-content\/uploads\/2023\/01\/1673001315-file1-Photo-1MO-pour-site-salons-wellness.png\" alt=\"Koncept\u2019O Projet\" width=\"407\" height=\"229\" srcset=\"https:\/\/www.thermalies.com\/paris\/wp-content\/uploads\/2023\/01\/1673001315-file1-Photo-1MO-pour-site-salons-wellness.png 995w, https:\/\/www.thermalies.com\/paris\/wp-content\/uploads\/2023\/01\/1673001315-file1-Photo-1MO-pour-site-salons-wellness-600x338.png 600w, https:\/\/www.thermalies.com\/paris\/wp-content\/uploads\/2023\/01\/1673001315-file1-Photo-1MO-pour-site-salons-wellness-300x169.png 300w, https:\/\/www.thermalies.com\/paris\/wp-content\/uploads\/2023\/01\/1673001315-file1-Photo-1MO-pour-site-salons-wellness-768x432.png 768w, https:\/\/www.thermalies.com\/paris\/wp-content\/uploads\/2023\/01\/1673001315-file1-Photo-1MO-pour-site-salons-wellness-150x84.png 150w, https:\/\/www.thermalies.com\/paris\/wp-content\/uploads\/2023\/01\/1673001315-file1-Photo-1MO-pour-site-salons-wellness-500x281.png 500w\" sizes=\"(max-width: 407px) 100vw, 407px\" \/><\/p>\n<h2><span style=\"font-size: 18pt;\">Parlez-nous du salon Les Thermalies et de votre relation avec ce salon\u00a0<\/span><\/h2>\n<p>Nous sommes ravis de participer au salon \u00ab\u00a0Les Thermalies\u00a0\u00bb qui est un rendez-vous incontournable pour notre \u00e9quipe. Le cadre exceptionnel du Carrousel et l&rsquo;organisation impeccable ajoute au prestige de ce rendez-vous. Les relations avec les (futurs) clients sont toujours agr\u00e9ables et enrichissantes.<\/p>\n<h2><span style=\"font-size: 18pt;\">Un conseil ou une astuce pour aider \u00e0 se sentir bien au quotidien ?<\/span><\/h2>\n<p>Prendre du temps pour soi r\u00e9guli\u00e8rement et ainsi faire rayonner son bien-\u00eatre dans la relation aux autres.<\/p>\n<p><a href=\"https:\/\/www.thermalies.com\/paris\/visiter\/liste-des-exposants\/\" target=\"_blank\" rel=\"noopener\">D\u00e9couvrez la liste des exposants du salon Thermalies Paris<\/a><\/p>\n","protected":false},"excerpt":{"rendered":"<p>Pr\u00e9sentez-vous en quelques mots (votre activit\u00e9, votre histoire, vous) Koncept\u2019O est une soci\u00e9t\u00e9 \u00e0 taille humaine, sp\u00e9cialis\u00e9e dans la vente d\u2019\u00e9quipements, la conception et l\u2019installation d\u2019espaces bien-\u00eatre haut de gamme. Ses experts, Didier Delmas et Olivier Binet, \u00e9laborent des projets sur mesure de A \u00e0 Z, adapt\u00e9s aux envies et au budget de chacun sur&hellip; <\/p>\n","protected":false},"author":10,"featured_media":12508,"comment_status":"closed","ping_status":"open","sticky":false,"template":"","format":"standard","meta":{"footnotes":""},"categories":[1],"tags":[],"class_list":["post-13565","post","type-post","status-publish","format-standard","has-post-thumbnail","hentry","category-actualites"],"aioseo_notices":[],"_links":{"self":[{"href":"https:\/\/www.thermalies.com\/paris\/wp-json\/wp\/v2\/posts\/13565","targetHints":{"allow":["GET"]}}],"collection":[{"href":"https:\/\/www.thermalies.com\/paris\/wp-json\/wp\/v2\/posts"}],"about":[{"href":"https:\/\/www.thermalies.com\/paris\/wp-json\/wp\/v2\/types\/post"}],"author":[{"embeddable":true,"href":"https:\/\/www.thermalies.com\/paris\/wp-json\/wp\/v2\/users\/10"}],"replies":[{"embeddable":true,"href":"https:\/\/www.thermalies.com\/paris\/wp-json\/wp\/v2\/comments?post=13565"}],"version-history":[{"count":1,"href":"https:\/\/www.thermalies.com\/paris\/wp-json\/wp\/v2\/posts\/13565\/revisions"}],"predecessor-version":[{"id":13566,"href":"https:\/\/www.thermalies.com\/paris\/wp-json\/wp\/v2\/posts\/13565\/revisions\/13566"}],"wp:featuredmedia":[{"embeddable":true,"href":"https:\/\/www.thermalies.com\/paris\/wp-json\/wp\/v2\/media\/12508"}],"wp:attachment":[{"href":"https:\/\/www.thermalies.com\/paris\/wp-json\/wp\/v2\/media?parent=13565"}],"wp:term":[{"taxonomy":"category","embeddable":true,"href":"https:\/\/www.thermalies.com\/paris\/wp-json\/wp\/v2\/categories?post=13565"},{"taxonomy":"post_tag","embeddable":true,"href":"https:\/\/www.thermalies.com\/paris\/wp-json\/wp\/v2\/tags?post=13565"}],"curies":[{"name":"wp","href":"https:\/\/api.w.org\/{rel}","templated":true}]}}