{"id":13585,"date":"2023-12-21T10:01:34","date_gmt":"2023-12-21T09:01:34","guid":{"rendered":"https:\/\/www.thermalies.com\/paris\/?p=13585"},"modified":"2023-12-21T10:01:34","modified_gmt":"2023-12-21T09:01:34","slug":"portrait-exposant-2024-les-thermes-dallevard","status":"publish","type":"post","link":"https:\/\/www.thermalies.com\/paris\/portrait-exposant-2024-les-thermes-dallevard\/","title":{"rendered":"Portrait Exposant 2024 &#8211; Les Thermes d&rsquo;Allevard"},"content":{"rendered":"<h2><span style=\"font-size: 18pt;\">Pr\u00e9sentez-vous en quelques mots (votre activit\u00e9, votre histoire, vous)<\/span><\/h2>\n<p><img fetchpriority=\"high\" decoding=\"async\" class=\"wp-image-11942 aligncenter\" src=\"https:\/\/www.thermalies.com\/paris\/wp-content\/uploads\/2022\/12\/1671527434-file2-DSC0695_BD.jpeg\" alt=\"Les Thermes d'Allevard Femme\" width=\"453\" height=\"301\" srcset=\"https:\/\/www.thermalies.com\/paris\/wp-content\/uploads\/2022\/12\/1671527434-file2-DSC0695_BD.jpeg 1733w, https:\/\/www.thermalies.com\/paris\/wp-content\/uploads\/2022\/12\/1671527434-file2-DSC0695_BD-600x399.jpeg 600w, https:\/\/www.thermalies.com\/paris\/wp-content\/uploads\/2022\/12\/1671527434-file2-DSC0695_BD-300x200.jpeg 300w, https:\/\/www.thermalies.com\/paris\/wp-content\/uploads\/2022\/12\/1671527434-file2-DSC0695_BD-1024x681.jpeg 1024w, https:\/\/www.thermalies.com\/paris\/wp-content\/uploads\/2022\/12\/1671527434-file2-DSC0695_BD-768x511.jpeg 768w, https:\/\/www.thermalies.com\/paris\/wp-content\/uploads\/2022\/12\/1671527434-file2-DSC0695_BD-1536x1022.jpeg 1536w, https:\/\/www.thermalies.com\/paris\/wp-content\/uploads\/2022\/12\/1671527434-file2-DSC0695_BD-150x100.jpeg 150w, https:\/\/www.thermalies.com\/paris\/wp-content\/uploads\/2022\/12\/1671527434-file2-DSC0695_BD-500x333.jpeg 500w\" sizes=\"(max-width: 453px) 100vw, 453px\" \/><\/p>\n<p>Puis\u00e9e au c\u0153ur du massif alpin, l&rsquo;eau thermale d&rsquo;Allevard, exempte de toute pollution, b\u00e9n\u00e9ficie d&rsquo;une concentration exceptionnelle en soufre et en sulfates.<br \/>\n<a href=\"https:\/\/www.thermes-allevard.com\/\" target=\"_blank\" rel=\"noopener\">Les Cures<\/a> Thermales d&rsquo;Allevard sont historiquement reconnues pour leurs bienfaits sur les voies respiratoires et les articulations. Le tout dans un environnement naturel propice \u00e0 la d\u00e9tente et au l\u00e2cher prise.<br \/>\nPour prolonger le bien-\u00eatre, le Spa d&rsquo;Allevard vous accueille durant toute la saison thermale.<\/p>\n<h2><span style=\"font-size: 18pt;\">Que proposez-vous sur le salon ? Produits phares ? Des remises sur le stand ? Des nouveaut\u00e9s ? Ateliers ou conf\u00e9rences ?<\/span><\/h2>\n<p>Nous proposons la d\u00e9couverte de nos cures thermales et de nos programmes compl\u00e9mentaires selon votre besoin de sant\u00e9. Cette ann\u00e9e, nous mettons en place un jeu concours sur le stand vous permettant de gagner un s\u00e9jour bien-\u00eatre de 2 jours au Spa d&rsquo;Allevard et d&rsquo;autres surprises !<\/p>\n<h2><span style=\"font-size: 18pt;\">Parlez-nous du salon Les Thermalies et de votre relation avec ce salon\u00a0<\/span><\/h2>\n<p>Le salon des Thermalies est le lieu privil\u00e9gi\u00e9 pour rencontrer nos curistes et futurs curistes, c\u2019est \u00e9galement l\u2019opportunit\u00e9 de rencontrer la profession et de d\u00e9couvrir les nouveaut\u00e9s pr\u00e9sent\u00e9es par nos fournisseurs.<\/p>\n<h2><span style=\"font-size: 18pt;\">Un conseil ou une astuce pour aider \u00e0 se sentir bien au quotidien ?<\/span><\/h2>\n<p>L&rsquo;application Respirelax, d\u00e9velopp\u00e9e par les Thermes d&rsquo;Allevard, est l&rsquo;outil incontournable \u00e0 avoir \u00e0 port\u00e9e de main pour g\u00e9rer son stress au quotidien et renforcer sa capacit\u00e9 respiratoire.<\/p>\n<p><img decoding=\"async\" class=\"wp-image-11941 aligncenter\" src=\"https:\/\/www.thermalies.com\/paris\/wp-content\/uploads\/2022\/12\/1671527434-file1-CPWM3306.jpeg\" alt=\"Les Thermes d'Allevard Piscine\" width=\"416\" height=\"277\" srcset=\"https:\/\/www.thermalies.com\/paris\/wp-content\/uploads\/2022\/12\/1671527434-file1-CPWM3306.jpeg 2048w, https:\/\/www.thermalies.com\/paris\/wp-content\/uploads\/2022\/12\/1671527434-file1-CPWM3306-600x400.jpeg 600w, https:\/\/www.thermalies.com\/paris\/wp-content\/uploads\/2022\/12\/1671527434-file1-CPWM3306-300x200.jpeg 300w, https:\/\/www.thermalies.com\/paris\/wp-content\/uploads\/2022\/12\/1671527434-file1-CPWM3306-1024x682.jpeg 1024w, https:\/\/www.thermalies.com\/paris\/wp-content\/uploads\/2022\/12\/1671527434-file1-CPWM3306-768x512.jpeg 768w, https:\/\/www.thermalies.com\/paris\/wp-content\/uploads\/2022\/12\/1671527434-file1-CPWM3306-1536x1023.jpeg 1536w, https:\/\/www.thermalies.com\/paris\/wp-content\/uploads\/2022\/12\/1671527434-file1-CPWM3306-150x100.jpeg 150w, https:\/\/www.thermalies.com\/paris\/wp-content\/uploads\/2022\/12\/1671527434-file1-CPWM3306-500x333.jpeg 500w\" sizes=\"(max-width: 416px) 100vw, 416px\" \/><\/p>\n<p><a href=\"https:\/\/www.thermalies.com\/paris\/visiter\/liste-des-exposants\/\" target=\"_blank\" rel=\"noopener\">D\u00e9couvrez la liste des exposants du salon Thermalies Paris<\/a><\/p>\n","protected":false},"excerpt":{"rendered":"<p>Pr\u00e9sentez-vous en quelques mots (votre activit\u00e9, votre histoire, vous) Puis\u00e9e au c\u0153ur du massif alpin, l&rsquo;eau thermale d&rsquo;Allevard, exempte de toute pollution, b\u00e9n\u00e9ficie d&rsquo;une concentration exceptionnelle en soufre et en sulfates. Les Cures Thermales d&rsquo;Allevard sont historiquement reconnues pour leurs bienfaits sur les voies respiratoires et les articulations. Le tout dans un environnement naturel propice&hellip; <\/p>\n","protected":false},"author":10,"featured_media":11943,"comment_status":"closed","ping_status":"open","sticky":false,"template":"","format":"standard","meta":{"footnotes":""},"categories":[1],"tags":[],"class_list":["post-13585","post","type-post","status-publish","format-standard","has-post-thumbnail","hentry","category-actualites"],"aioseo_notices":[],"_links":{"self":[{"href":"https:\/\/www.thermalies.com\/paris\/wp-json\/wp\/v2\/posts\/13585","targetHints":{"allow":["GET"]}}],"collection":[{"href":"https:\/\/www.thermalies.com\/paris\/wp-json\/wp\/v2\/posts"}],"about":[{"href":"https:\/\/www.thermalies.com\/paris\/wp-json\/wp\/v2\/types\/post"}],"author":[{"embeddable":true,"href":"https:\/\/www.thermalies.com\/paris\/wp-json\/wp\/v2\/users\/10"}],"replies":[{"embeddable":true,"href":"https:\/\/www.thermalies.com\/paris\/wp-json\/wp\/v2\/comments?post=13585"}],"version-history":[{"count":1,"href":"https:\/\/www.thermalies.com\/paris\/wp-json\/wp\/v2\/posts\/13585\/revisions"}],"predecessor-version":[{"id":13597,"href":"https:\/\/www.thermalies.com\/paris\/wp-json\/wp\/v2\/posts\/13585\/revisions\/13597"}],"wp:featuredmedia":[{"embeddable":true,"href":"https:\/\/www.thermalies.com\/paris\/wp-json\/wp\/v2\/media\/11943"}],"wp:attachment":[{"href":"https:\/\/www.thermalies.com\/paris\/wp-json\/wp\/v2\/media?parent=13585"}],"wp:term":[{"taxonomy":"category","embeddable":true,"href":"https:\/\/www.thermalies.com\/paris\/wp-json\/wp\/v2\/categories?post=13585"},{"taxonomy":"post_tag","embeddable":true,"href":"https:\/\/www.thermalies.com\/paris\/wp-json\/wp\/v2\/tags?post=13585"}],"curies":[{"name":"wp","href":"https:\/\/api.w.org\/{rel}","templated":true}]}}